{"id":887,"date":"2024-02-14T15:28:26","date_gmt":"2024-02-14T15:28:26","guid":{"rendered":"https:\/\/natusvini.pt\/?p=887"},"modified":"2024-02-14T15:30:43","modified_gmt":"2024-02-14T15:30:43","slug":"natus-para-brindar-em-2024","status":"publish","type":"post","link":"https:\/\/natusvini.pt\/index.php\/2024\/02\/14\/natus-para-brindar-em-2024\/","title":{"rendered":"Natus para brindar em 2024"},"content":{"rendered":"\n<div class=\"wp-block-media-text has-media-on-the-right is-stacked-on-mobile\"><div class=\"wp-block-media-text__content\">\n<p>Na Natus Vini gostamos de celebrar com entusiasmo as metas que vamos alcan\u00e7ando e quando somos referenciados, sentimos a boa responsabilidade, enchemo-nos de boas energias e olhamos para o futuro com confian\u00e7a. Assim aconteceu, quando recebemos a boa not\u00edcia que<strong> a Vis\u00e3o Se7e escolheu o Natus Tinto 2021, como um dos vinhos para brindar em 2024<\/strong>. Mas, n\u00e3o brindem apenas, bebam e partilhem, sabendo que estar\u00e3o no nosso pensamento. Gostamos de agradar, mas ainda gostamos mais daquilo que fazemos.<\/p>\n<\/div><figure class=\"wp-block-media-text__media\"><img fetchpriority=\"high\" decoding=\"async\" width=\"1024\" height=\"547\" src=\"https:\/\/natusvini.pt\/wp-content\/uploads\/2024\/02\/Captura-de-ecra-2024-02-14-as-15.18.15-1-1024x547.png\" alt=\"\" class=\"wp-image-895 size-full\" srcset=\"https:\/\/natusvini.pt\/wp-content\/uploads\/2024\/02\/Captura-de-ecra-2024-02-14-as-15.18.15-1-1024x547.png 1024w, https:\/\/natusvini.pt\/wp-content\/uploads\/2024\/02\/Captura-de-ecra-2024-02-14-as-15.18.15-1-300x160.png 300w, https:\/\/natusvini.pt\/wp-content\/uploads\/2024\/02\/Captura-de-ecra-2024-02-14-as-15.18.15-1-768x410.png 768w, https:\/\/natusvini.pt\/wp-content\/uploads\/2024\/02\/Captura-de-ecra-2024-02-14-as-15.18.15-1-1536x821.png 1536w, https:\/\/natusvini.pt\/wp-content\/uploads\/2024\/02\/Captura-de-ecra-2024-02-14-as-15.18.15-1.png 1594w\" sizes=\"(max-width: 1024px) 100vw, 1024px\" \/><\/figure><\/div>\n\n\n\n<div class=\"wp-block-media-text is-stacked-on-mobile\" style=\"grid-template-columns:29% auto\"><figure class=\"wp-block-media-text__media\"><img decoding=\"async\" width=\"263\" height=\"1024\" src=\"https:\/\/natusvini.pt\/wp-content\/uploads\/2024\/02\/Captura-de-ecra-2024-02-14-as-15.20.58-263x1024.png\" alt=\"\" class=\"wp-image-889 size-full\" srcset=\"https:\/\/natusvini.pt\/wp-content\/uploads\/2024\/02\/Captura-de-ecra-2024-02-14-as-15.20.58-263x1024.png 263w, https:\/\/natusvini.pt\/wp-content\/uploads\/2024\/02\/Captura-de-ecra-2024-02-14-as-15.20.58-77x300.png 77w, https:\/\/natusvini.pt\/wp-content\/uploads\/2024\/02\/Captura-de-ecra-2024-02-14-as-15.20.58.png 290w\" sizes=\"(max-width: 263px) 100vw, 263px\" \/><\/figure><div class=\"wp-block-media-text__content\">\n<p>&#8220;Um vinho com tudo para ser tipicamente alentejano sem o ser&#8221;. <strong>N\u00f3s garantimos que \u00e9 mesmo muito alentejano e que mais n\u00e3o poderia ser. A nossa miss\u00e3o n\u00e3o \u00e9 ser diferente, mas orgulhamo-nos de marcar a diferen\u00e7a, preferencialmente se o momento for memor\u00e1vel <\/strong>e, como diz a Vis\u00e3o Se7e, &#8220;surpreendente&#8221;. <\/p>\n\n\n\n<p>Em tom um pouco mais s\u00e9rio, \u00e9 com imensa felicidade que partilhamos mais este momento, especialmente fazendo parte de uma lista, onde podem encontrar muitos e bons vinhos.<strong> Ser parte desses 52 \u00e9 uma \u00f3tima forma de olhar para o novo ano, com a vontade de sermos, a cada dia, cada vez melhores, superando dificuldades com um sorriso.<\/strong> Acreditamos no nosso projeto e queremos saudar o apoio que temos sentido das mais variadas pessoas, dos mais variados lugares do pa\u00eds e do mundo. Brindemos a 2024 e \u00e0s novidades que a\u00ed v\u00eam.<\/p>\n<\/div><\/div>\n","protected":false},"excerpt":{"rendered":"<p>Na Natus Vini gostamos de celebrar com entusiasmo as metas que vamos alcan\u00e7ando e quando somos referenciados, sentimos a boa responsabilidade, enchemo-nos de boas energias e olhamos para o futuro com confian\u00e7a. Assim aconteceu, quando recebemos a boa not\u00edcia que a Vis\u00e3o Se7e escolheu o Natus Tinto 2021, como um dos vinhos para brindar em [&hellip;]<\/p>\n","protected":false},"author":1,"featured_media":0,"comment_status":"open","ping_status":"open","sticky":true,"template":"","format":"standard","meta":{"site-sidebar-layout":"default","site-content-layout":"","ast-site-content-layout":"default","site-content-style":"default","site-sidebar-style":"default","ast-global-header-display":"","ast-banner-title-visibility":"","ast-main-header-display":"","ast-hfb-above-header-display":"","ast-hfb-below-header-display":"","ast-hfb-mobile-header-display":"","site-post-title":"","ast-breadcrumbs-content":"","ast-featured-img":"","footer-sml-layout":"","ast-disable-related-posts":"","theme-transparent-header-meta":"","adv-header-id-meta":"","stick-header-meta":"","header-above-stick-meta":"","header-main-stick-meta":"","header-below-stick-meta":"","astra-migrate-meta-layouts":"default","ast-page-background-enabled":"default","ast-page-background-meta":{"desktop":{"background-color":"var(--ast-global-color-4)","background-image":"","background-repeat":"repeat","background-position":"center center","background-size":"auto","background-attachment":"scroll","background-type":"","background-media":"","overlay-type":"","overlay-color":"","overlay-opacity":"","overlay-gradient":""},"tablet":{"background-color":"","background-image":"","background-repeat":"repeat","background-position":"center center","background-size":"auto","background-attachment":"scroll","background-type":"","background-media":"","overlay-type":"","overlay-color":"","overlay-opacity":"","overlay-gradient":""},"mobile":{"background-color":"","background-image":"","background-repeat":"repeat","background-position":"center center","background-size":"auto","background-attachment":"scroll","background-type":"","background-media":"","overlay-type":"","overlay-color":"","overlay-opacity":"","overlay-gradient":""}},"ast-content-background-meta":{"desktop":{"background-color":"var(--ast-global-color-5)","background-image":"","background-repeat":"repeat","background-position":"center center","background-size":"auto","background-attachment":"scroll","background-type":"","background-media":"","overlay-type":"","overlay-color":"","overlay-opacity":"","overlay-gradient":""},"tablet":{"background-color":"var(--ast-global-color-5)","background-image":"","background-repeat":"repeat","background-position":"center center","background-size":"auto","background-attachment":"scroll","background-type":"","background-media":"","overlay-type":"","overlay-color":"","overlay-opacity":"","overlay-gradient":""},"mobile":{"background-color":"var(--ast-global-color-5)","background-image":"","background-repeat":"repeat","background-position":"center center","background-size":"auto","background-attachment":"scroll","background-type":"","background-media":"","overlay-type":"","overlay-color":"","overlay-opacity":"","overlay-gradient":""}},"_jetpack_memberships_contains_paid_content":false,"footnotes":""},"categories":[17,22],"tags":[15,12,14,25,24],"class_list":["post-887","post","type-post","status-publish","format-standard","hentry","category-noticias","category-wine-blog","tag-alentejo","tag-natus-2","tag-vinho","tag-visao","tag-wineblog"],"jetpack_featured_media_url":"","jetpack_sharing_enabled":true,"_links":{"self":[{"href":"https:\/\/natusvini.pt\/index.php\/wp-json\/wp\/v2\/posts\/887","targetHints":{"allow":["GET"]}}],"collection":[{"href":"https:\/\/natusvini.pt\/index.php\/wp-json\/wp\/v2\/posts"}],"about":[{"href":"https:\/\/natusvini.pt\/index.php\/wp-json\/wp\/v2\/types\/post"}],"author":[{"embeddable":true,"href":"https:\/\/natusvini.pt\/index.php\/wp-json\/wp\/v2\/users\/1"}],"replies":[{"embeddable":true,"href":"https:\/\/natusvini.pt\/index.php\/wp-json\/wp\/v2\/comments?post=887"}],"version-history":[{"count":3,"href":"https:\/\/natusvini.pt\/index.php\/wp-json\/wp\/v2\/posts\/887\/revisions"}],"predecessor-version":[{"id":896,"href":"https:\/\/natusvini.pt\/index.php\/wp-json\/wp\/v2\/posts\/887\/revisions\/896"}],"wp:attachment":[{"href":"https:\/\/natusvini.pt\/index.php\/wp-json\/wp\/v2\/media?parent=887"}],"wp:term":[{"taxonomy":"category","embeddable":true,"href":"https:\/\/natusvini.pt\/index.php\/wp-json\/wp\/v2\/categories?post=887"},{"taxonomy":"post_tag","embeddable":true,"href":"https:\/\/natusvini.pt\/index.php\/wp-json\/wp\/v2\/tags?post=887"}],"curies":[{"name":"wp","href":"https:\/\/api.w.org\/{rel}","templated":true}]}}