{"id":739,"date":"2023-06-09T11:43:11","date_gmt":"2023-06-09T11:43:11","guid":{"rendered":"https:\/\/natusvini.pt\/?p=739"},"modified":"2023-06-09T11:59:24","modified_gmt":"2023-06-09T11:59:24","slug":"natus-branco-2021-uma-estreia-promissora","status":"publish","type":"post","link":"https:\/\/natusvini.pt\/index.php\/2023\/06\/09\/natus-branco-2021-uma-estreia-promissora\/","title":{"rendered":"Natus Branco 2021: uma estreia promissora"},"content":{"rendered":"\n<p>O crescimento do Natus tem sido assinal\u00e1vel.<strong> A forma como o nosso Natus Tinto 2020 foi recebido foi not\u00e1vel, tendo despertado enorme interesse entre profissionais e apaixonados por vinho<\/strong>. A imprensa acompanhou e avaliou de uma forma que nos faz sorrir e que, simultaneamente, nos aumenta a responsabilidade. <strong>O nosso Natus Branco 2021 estava j\u00e1 na calha e, apesar de acreditarmos fervorosamente nos vinhos que fazemos, quer\u00edamos conhecer a rea\u00e7\u00e3o das pessoas, da quem trabalha com vinho, de quem o comenta e o avalia.<\/strong><\/p>\n\n\n\n<figure class=\"wp-block-image aligncenter size-large\"><img fetchpriority=\"high\" decoding=\"async\" width=\"1024\" height=\"270\" src=\"https:\/\/natusvini.pt\/wp-content\/uploads\/2023\/06\/Captura-de-ecra-2023-06-09-as-12.53.08-1024x270.png\" alt=\"\" class=\"wp-image-745\" srcset=\"https:\/\/natusvini.pt\/wp-content\/uploads\/2023\/06\/Captura-de-ecra-2023-06-09-as-12.53.08-1024x270.png 1024w, https:\/\/natusvini.pt\/wp-content\/uploads\/2023\/06\/Captura-de-ecra-2023-06-09-as-12.53.08-300x79.png 300w, https:\/\/natusvini.pt\/wp-content\/uploads\/2023\/06\/Captura-de-ecra-2023-06-09-as-12.53.08-768x202.png 768w, https:\/\/natusvini.pt\/wp-content\/uploads\/2023\/06\/Captura-de-ecra-2023-06-09-as-12.53.08.png 1245w\" sizes=\"(max-width: 1024px) 100vw, 1024px\" \/><\/figure>\n\n\n\n<p>Em mar\u00e7o, foi um dos vinhos do m\u00eas. <strong> Foram 18 os pontos da Grandes Escolhas<\/strong>, na escolha de Nuno Oliveira Garcia. Podemos dizer que come\u00e7\u00e1mos bem. <\/p>\n\n\n\n<div class=\"wp-block-media-text alignwide is-stacked-on-mobile\" style=\"grid-template-columns:38% auto\"><figure class=\"wp-block-media-text__media\"><img decoding=\"async\" width=\"421\" height=\"1024\" src=\"https:\/\/natusvini.pt\/wp-content\/uploads\/2023\/06\/Captura-de-ecra-2023-06-09-as-12.32.38-421x1024.png\" alt=\"\" class=\"wp-image-741 size-full\" srcset=\"https:\/\/natusvini.pt\/wp-content\/uploads\/2023\/06\/Captura-de-ecra-2023-06-09-as-12.32.38-421x1024.png 421w, https:\/\/natusvini.pt\/wp-content\/uploads\/2023\/06\/Captura-de-ecra-2023-06-09-as-12.32.38-123x300.png 123w, https:\/\/natusvini.pt\/wp-content\/uploads\/2023\/06\/Captura-de-ecra-2023-06-09-as-12.32.38.png 492w\" sizes=\"(max-width: 421px) 100vw, 421px\" \/><\/figure><div class=\"wp-block-media-text__content\">\n<p>O m\u00eas de maio ainda foi melhor. Al\u00e9m do <strong>93 pontos na Fugas, o que mais nos satisfaz \u00e9 que Pedro Garcias captou a ess\u00eancia do nosso projeto e deste vinho, falando de um vinho &#8220;vibrante, cheio de vida, harmonia e pureza, bom boa fruta e acidez muito viva&#8221;. Dificilmente dir\u00edamos melhor. <\/strong><\/p>\n<\/div><\/div>\n\n\n\n<div class=\"wp-block-media-text alignwide has-media-on-the-right is-stacked-on-mobile\"><div class=\"wp-block-media-text__content\">\n<p>Ao que parece, apesar de estar a dar os primeiros passos, o Natus Branco, tamb\u00e9m satisfaz plenamente, a Revista de Vinhos. <strong>Os 91 pontos dados s\u00e3o sin\u00f3nimo da consist\u00eancia com que este vinho tem sido recebido<\/strong>. E sim, para n\u00f3s o Natus Branco tamb\u00e9m \u00e9 e ser\u00e1 sempre altamente recomendado. <\/p>\n<\/div><figure class=\"wp-block-media-text__media\"><img decoding=\"async\" width=\"787\" height=\"866\" src=\"https:\/\/natusvini.pt\/wp-content\/uploads\/2023\/06\/Captura-de-ecra-2023-06-09-as-12.18.39.png\" alt=\"\" class=\"wp-image-742 size-full\" srcset=\"https:\/\/natusvini.pt\/wp-content\/uploads\/2023\/06\/Captura-de-ecra-2023-06-09-as-12.18.39.png 787w, https:\/\/natusvini.pt\/wp-content\/uploads\/2023\/06\/Captura-de-ecra-2023-06-09-as-12.18.39-273x300.png 273w, https:\/\/natusvini.pt\/wp-content\/uploads\/2023\/06\/Captura-de-ecra-2023-06-09-as-12.18.39-768x845.png 768w\" sizes=\"(max-width: 787px) 100vw, 787px\" \/><\/figure><\/div>\n\n\n\n<blockquote class=\"wp-block-quote is-layout-flow wp-block-quote-is-layout-flow\">\n<p class=\"has-text-align-center\"><strong>A nossa paix\u00e3o, o nosso amor e o nosso sonho est\u00e1 presente em cada garrafa e bebe-se a copo.<\/strong><\/p>\n<\/blockquote>\n","protected":false},"excerpt":{"rendered":"<p>O crescimento do Natus tem sido assinal\u00e1vel. A forma como o nosso Natus Tinto 2020 foi recebido foi not\u00e1vel, tendo despertado enorme interesse entre profissionais e apaixonados por vinho. A imprensa acompanhou e avaliou de uma forma que nos faz sorrir e que, simultaneamente, nos aumenta a responsabilidade. O nosso Natus Branco 2021 estava j\u00e1 [&hellip;]<\/p>\n","protected":false},"author":1,"featured_media":0,"comment_status":"open","ping_status":"open","sticky":true,"template":"","format":"standard","meta":{"site-sidebar-layout":"default","site-content-layout":"","ast-site-content-layout":"default","site-content-style":"default","site-sidebar-style":"default","ast-global-header-display":"","ast-banner-title-visibility":"","ast-main-header-display":"","ast-hfb-above-header-display":"","ast-hfb-below-header-display":"","ast-hfb-mobile-header-display":"","site-post-title":"","ast-breadcrumbs-content":"","ast-featured-img":"","footer-sml-layout":"","ast-disable-related-posts":"","theme-transparent-header-meta":"","adv-header-id-meta":"","stick-header-meta":"","header-above-stick-meta":"","header-main-stick-meta":"","header-below-stick-meta":"","astra-migrate-meta-layouts":"default","ast-page-background-enabled":"default","ast-page-background-meta":{"desktop":{"background-color":"var(--ast-global-color-4)","background-image":"","background-repeat":"repeat","background-position":"center center","background-size":"auto","background-attachment":"scroll","background-type":"","background-media":"","overlay-type":"","overlay-color":"","overlay-opacity":"","overlay-gradient":""},"tablet":{"background-color":"","background-image":"","background-repeat":"repeat","background-position":"center center","background-size":"auto","background-attachment":"scroll","background-type":"","background-media":"","overlay-type":"","overlay-color":"","overlay-opacity":"","overlay-gradient":""},"mobile":{"background-color":"","background-image":"","background-repeat":"repeat","background-position":"center center","background-size":"auto","background-attachment":"scroll","background-type":"","background-media":"","overlay-type":"","overlay-color":"","overlay-opacity":"","overlay-gradient":""}},"ast-content-background-meta":{"desktop":{"background-color":"var(--ast-global-color-5)","background-image":"","background-repeat":"repeat","background-position":"center center","background-size":"auto","background-attachment":"scroll","background-type":"","background-media":"","overlay-type":"","overlay-color":"","overlay-opacity":"","overlay-gradient":""},"tablet":{"background-color":"var(--ast-global-color-5)","background-image":"","background-repeat":"repeat","background-position":"center center","background-size":"auto","background-attachment":"scroll","background-type":"","background-media":"","overlay-type":"","overlay-color":"","overlay-opacity":"","overlay-gradient":""},"mobile":{"background-color":"var(--ast-global-color-5)","background-image":"","background-repeat":"repeat","background-position":"center center","background-size":"auto","background-attachment":"scroll","background-type":"","background-media":"","overlay-type":"","overlay-color":"","overlay-opacity":"","overlay-gradient":""}},"_jetpack_memberships_contains_paid_content":false,"footnotes":""},"categories":[1],"tags":[],"class_list":["post-739","post","type-post","status-publish","format-standard","hentry","category-sem-categoria"],"jetpack_featured_media_url":"","jetpack_sharing_enabled":true,"_links":{"self":[{"href":"https:\/\/natusvini.pt\/index.php\/wp-json\/wp\/v2\/posts\/739","targetHints":{"allow":["GET"]}}],"collection":[{"href":"https:\/\/natusvini.pt\/index.php\/wp-json\/wp\/v2\/posts"}],"about":[{"href":"https:\/\/natusvini.pt\/index.php\/wp-json\/wp\/v2\/types\/post"}],"author":[{"embeddable":true,"href":"https:\/\/natusvini.pt\/index.php\/wp-json\/wp\/v2\/users\/1"}],"replies":[{"embeddable":true,"href":"https:\/\/natusvini.pt\/index.php\/wp-json\/wp\/v2\/comments?post=739"}],"version-history":[{"count":6,"href":"https:\/\/natusvini.pt\/index.php\/wp-json\/wp\/v2\/posts\/739\/revisions"}],"predecessor-version":[{"id":749,"href":"https:\/\/natusvini.pt\/index.php\/wp-json\/wp\/v2\/posts\/739\/revisions\/749"}],"wp:attachment":[{"href":"https:\/\/natusvini.pt\/index.php\/wp-json\/wp\/v2\/media?parent=739"}],"wp:term":[{"taxonomy":"category","embeddable":true,"href":"https:\/\/natusvini.pt\/index.php\/wp-json\/wp\/v2\/categories?post=739"},{"taxonomy":"post_tag","embeddable":true,"href":"https:\/\/natusvini.pt\/index.php\/wp-json\/wp\/v2\/tags?post=739"}],"curies":[{"name":"wp","href":"https:\/\/api.w.org\/{rel}","templated":true}]}}