{"id":1135,"date":"2025-07-03T10:25:58","date_gmt":"2025-07-03T10:25:58","guid":{"rendered":"https:\/\/natusvini.pt\/?p=1135"},"modified":"2025-07-03T10:45:41","modified_gmt":"2025-07-03T10:45:41","slug":"os-nossos-brancos-em-prova","status":"publish","type":"post","link":"https:\/\/natusvini.pt\/index.php\/2025\/07\/03\/os-nossos-brancos-em-prova\/","title":{"rendered":"Os nossos brancos em prova"},"content":{"rendered":"\n<p>Num momento em que o calor se faz sentir em todo o pa\u00eds, a vontade de um vinho de branco de grande frescura \u00e9 sugest\u00e3o quase perfeita para aquela refei\u00e7\u00e3o de ver\u00e3o, para aquele momento de descontra\u00e7\u00e3o, para um final de tarde \u00e0 conversa ou para uma noite mais quente de conv\u00edvio. recordar.<\/p>\n\n\n\n<p>Por isso, \u00e9 o momento ideal para partilhar boas not\u00edcias sobre os nossos brancos, que surgem em destaque na Revista de Vinhos e na Grandes Escolhas de junho<strong>. O Natus Branco, 2023, \u00e9 inclusivamente &#8220;Altamente Recomendado&#8221;. N\u00f3s n\u00e3o dir\u00edamos melhor<\/strong>.<strong> Quanto aos 93 pontos &#8211; estamos muito orgulhosos por mais este reconhecimento.<\/strong><\/p>\n\n\n\n<div class=\"wp-block-jetpack-tiled-gallery aligncenter is-style-rectangular\"><div class=\"\"><div class=\"tiled-gallery__gallery\"><div class=\"tiled-gallery__row\"><div class=\"tiled-gallery__col\" style=\"flex-basis:16.44372%\"><figure class=\"tiled-gallery__item\"><img decoding=\"async\" srcset=\"https:\/\/i0.wp.com\/natusvini.pt\/wp-content\/uploads\/2025\/07\/Garrafa-Natus-Branco-Sem-ano-719x2048-1-360x1024.jpg?strip=info&#038;w=600&#038;ssl=1 600w,https:\/\/i0.wp.com\/natusvini.pt\/wp-content\/uploads\/2025\/07\/Garrafa-Natus-Branco-Sem-ano-719x2048-1-360x1024.jpg?strip=info&#038;w=719&#038;ssl=1 719w\" alt=\"\" data-height=\"2048\" data-id=\"1151\" data-link=\"https:\/\/natusvini.pt\/index.php\/2025\/07\/03\/os-nossos-brancos-em-prova\/garrafa-natus-branco-sem-ano-719x2048\/\" data-url=\"https:\/\/natusvini.pt\/wp-content\/uploads\/2025\/07\/Garrafa-Natus-Branco-Sem-ano-719x2048-1-360x1024.jpg\" data-width=\"719\" src=\"https:\/\/i0.wp.com\/natusvini.pt\/wp-content\/uploads\/2025\/07\/Garrafa-Natus-Branco-Sem-ano-719x2048-1-360x1024.jpg?ssl=1\" data-amp-layout=\"responsive\"\/><\/figure><\/div><div class=\"tiled-gallery__col\" style=\"flex-basis:26.12616%\"><figure class=\"tiled-gallery__item\"><img decoding=\"async\" srcset=\"https:\/\/i0.wp.com\/natusvini.pt\/wp-content\/uploads\/2025\/07\/Screenshot-2025-07-03-at-11.11.43-1.png?strip=info&#038;w=420&#038;ssl=1 420w\" alt=\"\" data-height=\"752\" data-id=\"1142\" data-link=\"https:\/\/natusvini.pt\/index.php\/2025\/07\/03\/os-nossos-brancos-em-prova\/screenshot-2025-07-03-at-11-11-43-2\/\" data-url=\"https:\/\/natusvini.pt\/wp-content\/uploads\/2025\/07\/Screenshot-2025-07-03-at-11.11.43-1.png\" data-width=\"420\" src=\"https:\/\/i0.wp.com\/natusvini.pt\/wp-content\/uploads\/2025\/07\/Screenshot-2025-07-03-at-11.11.43-1.png?ssl=1\" data-amp-layout=\"responsive\"\/><\/figure><\/div><div class=\"tiled-gallery__col\" style=\"flex-basis:57.43012%\"><figure class=\"tiled-gallery__item\"><img decoding=\"async\" srcset=\"https:\/\/i0.wp.com\/natusvini.pt\/wp-content\/uploads\/2025\/07\/Screenshot-2025-07-03-at-11.41.42.png?strip=info&#038;w=472&#038;ssl=1 472w\" alt=\"\" data-height=\"384\" data-id=\"1155\" data-link=\"https:\/\/natusvini.pt\/index.php\/2025\/07\/03\/os-nossos-brancos-em-prova\/screenshot-2025-07-03-at-11-41-42\/\" data-url=\"https:\/\/natusvini.pt\/wp-content\/uploads\/2025\/07\/Screenshot-2025-07-03-at-11.41.42.png\" data-width=\"472\" src=\"https:\/\/i0.wp.com\/natusvini.pt\/wp-content\/uploads\/2025\/07\/Screenshot-2025-07-03-at-11.41.42.png?ssl=1\" data-amp-layout=\"responsive\"\/><\/figure><\/div><\/div><\/div><\/div><\/div>\n\n\n\n<p><\/p>\n\n\n\n<div class=\"wp-block-media-text has-media-on-the-right is-stacked-on-mobile\"><div class=\"wp-block-media-text__content\">\n<p>Felizmente n\u00e3o ficamos por aqui. Lu\u00eds Lopes nas <strong>Grandes Escolhas atribui 17,5 pontos ao nosso Intus Branco de 2022<\/strong>, com uma nota de prova que nos enche de orgulho e que refor\u00e7a a nossa motiva\u00e7\u00e3o e responsabilidade de crescer e fazer sempre melhor. <\/p>\n<\/div><figure class=\"wp-block-media-text__media\"><img fetchpriority=\"high\" decoding=\"async\" width=\"736\" height=\"474\" src=\"https:\/\/natusvini.pt\/wp-content\/uploads\/2025\/07\/Screenshot-2025-07-03-at-10.23.55.png\" alt=\"\" class=\"wp-image-1145 size-full\" srcset=\"https:\/\/natusvini.pt\/wp-content\/uploads\/2025\/07\/Screenshot-2025-07-03-at-10.23.55.png 736w, https:\/\/natusvini.pt\/wp-content\/uploads\/2025\/07\/Screenshot-2025-07-03-at-10.23.55-300x193.png 300w\" sizes=\"(max-width: 736px) 100vw, 736px\" \/><\/figure><\/div>\n\n\n\n<p>Em breve teremos mais not\u00edcias, at\u00e9 porque h\u00e1 mais acontecimentos para partilhar.<\/p>\n\n\n\n<p><\/p>\n","protected":false},"excerpt":{"rendered":"<p>Num momento em que o calor se faz sentir em todo o pa\u00eds, a vontade de um vinho de branco de grande frescura \u00e9 sugest\u00e3o quase perfeita para aquela refei\u00e7\u00e3o de ver\u00e3o, para aquele momento de descontra\u00e7\u00e3o, para um final de tarde \u00e0 conversa ou para uma noite mais quente de conv\u00edvio. recordar. Por isso, [&hellip;]<\/p>\n","protected":false},"author":1,"featured_media":0,"comment_status":"open","ping_status":"open","sticky":true,"template":"","format":"standard","meta":{"site-sidebar-layout":"default","site-content-layout":"","ast-site-content-layout":"default","site-content-style":"default","site-sidebar-style":"default","ast-global-header-display":"","ast-banner-title-visibility":"","ast-main-header-display":"","ast-hfb-above-header-display":"","ast-hfb-below-header-display":"","ast-hfb-mobile-header-display":"","site-post-title":"","ast-breadcrumbs-content":"","ast-featured-img":"disabled","footer-sml-layout":"","ast-disable-related-posts":"","theme-transparent-header-meta":"","adv-header-id-meta":"","stick-header-meta":"","header-above-stick-meta":"","header-main-stick-meta":"","header-below-stick-meta":"","astra-migrate-meta-layouts":"set","ast-page-background-enabled":"default","ast-page-background-meta":{"desktop":{"background-color":"var(--ast-global-color-4)","background-image":"","background-repeat":"repeat","background-position":"center center","background-size":"auto","background-attachment":"scroll","background-type":"","background-media":"","overlay-type":"","overlay-color":"","overlay-opacity":"","overlay-gradient":""},"tablet":{"background-color":"","background-image":"","background-repeat":"repeat","background-position":"center center","background-size":"auto","background-attachment":"scroll","background-type":"","background-media":"","overlay-type":"","overlay-color":"","overlay-opacity":"","overlay-gradient":""},"mobile":{"background-color":"","background-image":"","background-repeat":"repeat","background-position":"center center","background-size":"auto","background-attachment":"scroll","background-type":"","background-media":"","overlay-type":"","overlay-color":"","overlay-opacity":"","overlay-gradient":""}},"ast-content-background-meta":{"desktop":{"background-color":"var(--ast-global-color-5)","background-image":"","background-repeat":"repeat","background-position":"center center","background-size":"auto","background-attachment":"scroll","background-type":"","background-media":"","overlay-type":"","overlay-color":"","overlay-opacity":"","overlay-gradient":""},"tablet":{"background-color":"var(--ast-global-color-5)","background-image":"","background-repeat":"repeat","background-position":"center center","background-size":"auto","background-attachment":"scroll","background-type":"","background-media":"","overlay-type":"","overlay-color":"","overlay-opacity":"","overlay-gradient":""},"mobile":{"background-color":"var(--ast-global-color-5)","background-image":"","background-repeat":"repeat","background-position":"center center","background-size":"auto","background-attachment":"scroll","background-type":"","background-media":"","overlay-type":"","overlay-color":"","overlay-opacity":"","overlay-gradient":""}},"_jetpack_memberships_contains_paid_content":false,"footnotes":""},"categories":[16,22],"tags":[15,12,27,14],"class_list":["post-1135","post","type-post","status-publish","format-standard","hentry","category-criticas","category-wine-blog","tag-alentejo","tag-natus-2","tag-revista-vinhos","tag-vinho"],"jetpack_featured_media_url":"","jetpack_sharing_enabled":true,"_links":{"self":[{"href":"https:\/\/natusvini.pt\/index.php\/wp-json\/wp\/v2\/posts\/1135","targetHints":{"allow":["GET"]}}],"collection":[{"href":"https:\/\/natusvini.pt\/index.php\/wp-json\/wp\/v2\/posts"}],"about":[{"href":"https:\/\/natusvini.pt\/index.php\/wp-json\/wp\/v2\/types\/post"}],"author":[{"embeddable":true,"href":"https:\/\/natusvini.pt\/index.php\/wp-json\/wp\/v2\/users\/1"}],"replies":[{"embeddable":true,"href":"https:\/\/natusvini.pt\/index.php\/wp-json\/wp\/v2\/comments?post=1135"}],"version-history":[{"count":8,"href":"https:\/\/natusvini.pt\/index.php\/wp-json\/wp\/v2\/posts\/1135\/revisions"}],"predecessor-version":[{"id":1158,"href":"https:\/\/natusvini.pt\/index.php\/wp-json\/wp\/v2\/posts\/1135\/revisions\/1158"}],"wp:attachment":[{"href":"https:\/\/natusvini.pt\/index.php\/wp-json\/wp\/v2\/media?parent=1135"}],"wp:term":[{"taxonomy":"category","embeddable":true,"href":"https:\/\/natusvini.pt\/index.php\/wp-json\/wp\/v2\/categories?post=1135"},{"taxonomy":"post_tag","embeddable":true,"href":"https:\/\/natusvini.pt\/index.php\/wp-json\/wp\/v2\/tags?post=1135"}],"curies":[{"name":"wp","href":"https:\/\/api.w.org\/{rel}","templated":true}]}}